{"id":699,"date":"2022-05-05T09:53:04","date_gmt":"2022-05-05T07:53:04","guid":{"rendered":"https:\/\/nns.cz\/predskolak\/?p=699"},"modified":"2022-05-05T10:07:52","modified_gmt":"2022-05-05T08:07:52","slug":"zapis-je-tu-v-ukrajinstine","status":"publish","type":"post","link":"https:\/\/nns.cz\/predskolak\/zapis-je-tu-v-ukrajinstine\/","title":{"rendered":"Z\u00c1PIS JE TU v&nbsp;ukrajin\u0161tin\u011b"},"content":{"rendered":"\n<p>Pro <strong>ukrajinsk\u00e9 d\u011bti<\/strong>, jejich rodi\u010de a vyu\u010duj\u00edc\u00ed a pro v\u0161echny pot\u0159ebn\u00e9 jsme p\u0159ipravili <strong><span class=\"has-inline-color has-vivid-red-color\">Z<\/span><span class=\"has-inline-color has-luminous-vivid-amber-color\">\u00c1<\/span><span class=\"has-inline-color has-light-green-cyan-color\">P<\/span><span class=\"has-inline-color has-pale-pink-color\">I<\/span><span class=\"has-inline-color has-vivid-cyan-blue-color\">S<\/span> <span class=\"has-inline-color has-vivid-green-cyan-color\">J<\/span><span class=\"has-inline-color has-vivid-red-color\">E<\/span> <span class=\"has-inline-color has-pale-cyan-blue-color\">T<\/span><span class=\"has-inline-color has-light-green-cyan-color\">U<\/span><\/strong> v&nbsp;ukrajin\u0161tin\u011b. D\u011btem pom\u016f\u017ee p\u0159ipomenout si, co v\u0161echno maj\u00ed um\u011bt k&nbsp;z\u00e1pisu do 1.&nbsp;ro\u010dn\u00edku.<\/p>\n\n\n\n<div class=\"wp-block-image\"><figure class=\"alignleft size-medium is-resized\"><a href=\"https:\/\/www.mediacreator.cz\/mc\/index.php?opentitle=Zapis_je_tu_ua\/Zapis_je_tu_ua.mc&amp;pagesyncid=cQHwLEXh96Vq2\" target=\"_blank\" rel=\"noopener noreferrer\"><img loading=\"lazy\" decoding=\"async\" src=\"https:\/\/nns.cz\/predskolak\/wp-content\/uploads\/2022\/05\/titulka-UK-1-215x300.png\" alt=\"\" class=\"wp-image-723\" width=\"215\" height=\"300\" srcset=\"https:\/\/nns.cz\/predskolak\/wp-content\/uploads\/2022\/05\/titulka-UK-1-215x300.png 215w, https:\/\/nns.cz\/predskolak\/wp-content\/uploads\/2022\/05\/titulka-UK-1.png 585w\" sizes=\"auto, (max-width: 215px) 100vw, 215px\" \/><\/a><\/figure><\/div>\n\n\n\n<p>Douf\u00e1me tak\u00e9, \u017ee se n\u00e1m poda\u0159\u00ed alespo\u0148 na chvilku odv\u00e9st pozornost d\u011bt\u00ed od smutn\u00fdch ud\u00e1lost\u00ed, kter\u00fdmi si musej\u00ed v&nbsp;tuto pro n\u011b nelehkou dobu proch\u00e1zet.<\/p>\n\n\n\n<p>P\u0159ejeme v\u0161em, aby s&nbsp;na\u0161\u00ed pracovn\u00ed u\u010debnic\u00ed pro\u017eili co nejv\u00edce p\u0159\u00edjemn\u00fdch a z\u00e1rove\u0148 i pou\u010dn\u00fdch chvil p\u0159i z\u00e1bavn\u00fdch \u00fakolech, kter\u00e9 je \u010dekaj\u00ed.<\/p>\n\n\n\n<p><strong>MIU\u010d+<\/strong> <strong><span class=\"has-inline-color has-vivid-red-color\">Z<\/span><span class=\"has-inline-color has-luminous-vivid-amber-color\">\u00c1<\/span><span class=\"has-inline-color has-vivid-green-cyan-color\">P<\/span><span class=\"has-inline-color has-pale-pink-color\">I<\/span><span class=\"has-inline-color has-vivid-cyan-blue-color\">S<\/span> <span class=\"has-inline-color has-light-green-cyan-color\">J<\/span><span class=\"has-inline-color has-vivid-red-color\">E<\/span> <span class=\"has-inline-color has-vivid-cyan-blue-color\">T<\/span><span class=\"has-inline-color has-light-green-cyan-color\">U<\/span><\/strong> v&nbsp;ukrajin\u0161tin\u011b <strong>spust\u00edte<\/strong> kliknut\u00edm na <a href=\"https:\/\/www.mediacreator.cz\/mc\/index.php?opentitle=Zapis_je_tu_ua\/Zapis_je_tu_ua.mc&amp;pagesyncid=cQHwLEXh96Vq2\" target=\"_blank\" rel=\"noreferrer noopener\"><strong><span class=\"has-inline-color has-vivid-cyan-blue-color\">tento odkaz<\/span><\/strong><\/a>.<\/p>\n\n\n\n<p><\/p>\n\n\n\n<p><strong>Jak budou d\u011bti s&nbsp;interaktivn\u00ed u\u010debnic\u00ed Z\u00e1pis je tu pracovat?<\/strong><\/p>\n\n\n\n<p>Instrukce na hlavn\u00edch str\u00e1nk\u00e1ch si d\u011bti mohou poslechnout v&nbsp;ukrajin\u0161tin\u011b.<\/p>\n\n\n\n<div class=\"wp-block-image\"><figure class=\"aligncenter size-full\"><a href=\"https:\/\/nns.cz\/predskolak\/wp-content\/uploads\/2022\/05\/UA_Zapis_20-21_hlavni.png\" target=\"_blank\" rel=\"noopener noreferrer\"><img loading=\"lazy\" decoding=\"async\" width=\"1920\" height=\"1040\" src=\"https:\/\/nns.cz\/predskolak\/wp-content\/uploads\/2022\/05\/UA_Zapis_20-21_hlavni.png\" alt=\"\" class=\"wp-image-708\" srcset=\"https:\/\/nns.cz\/predskolak\/wp-content\/uploads\/2022\/05\/UA_Zapis_20-21_hlavni.png 1920w, https:\/\/nns.cz\/predskolak\/wp-content\/uploads\/2022\/05\/UA_Zapis_20-21_hlavni-300x163.png 300w, https:\/\/nns.cz\/predskolak\/wp-content\/uploads\/2022\/05\/UA_Zapis_20-21_hlavni-1024x555.png 1024w, https:\/\/nns.cz\/predskolak\/wp-content\/uploads\/2022\/05\/UA_Zapis_20-21_hlavni-768x416.png 768w, https:\/\/nns.cz\/predskolak\/wp-content\/uploads\/2022\/05\/UA_Zapis_20-21_hlavni-1536x832.png 1536w\" sizes=\"auto, (max-width: 1920px) 100vw, 1920px\" \/><\/a><\/figure><\/div>\n\n\n\n<p>Poklikem na hlavn\u00ed str\u00e1nku p\u0159ejdou do cvi\u010den\u00ed ke str\u00e1nce, kde na n\u011b \u010dek\u00e1 obr\u00e1zkov\u00fd ovl\u00e1dac\u00ed panel.<\/p>\n\n\n\n<div class=\"wp-block-image\"><figure class=\"aligncenter size-full\"><a href=\"https:\/\/nns.cz\/predskolak\/wp-content\/uploads\/2022\/05\/UA_Zapis_20_SC3.png\" target=\"_blank\" rel=\"noopener noreferrer\"><img loading=\"lazy\" decoding=\"async\" width=\"1920\" height=\"1040\" src=\"https:\/\/nns.cz\/predskolak\/wp-content\/uploads\/2022\/05\/UA_Zapis_20_SC3.png\" alt=\"\" class=\"wp-image-707\" srcset=\"https:\/\/nns.cz\/predskolak\/wp-content\/uploads\/2022\/05\/UA_Zapis_20_SC3.png 1920w, https:\/\/nns.cz\/predskolak\/wp-content\/uploads\/2022\/05\/UA_Zapis_20_SC3-300x163.png 300w, https:\/\/nns.cz\/predskolak\/wp-content\/uploads\/2022\/05\/UA_Zapis_20_SC3-1024x555.png 1024w, https:\/\/nns.cz\/predskolak\/wp-content\/uploads\/2022\/05\/UA_Zapis_20_SC3-768x416.png 768w, https:\/\/nns.cz\/predskolak\/wp-content\/uploads\/2022\/05\/UA_Zapis_20_SC3-1536x832.png 1536w\" sizes=\"auto, (max-width: 1920px) 100vw, 1920px\" \/><\/a><\/figure><\/div>\n\n\n\n<p>Instrukce na panelu jsou rozf\u00e1zov\u00e1ny do n\u011bkolika reproduktor\u016f. Ty si d\u011bti mohou postupn\u011b spustit a dov\u011bd\u011bt se, jak maj\u00ed v&nbsp;\u00fakolu na str\u00e1nce postupovat. Tyto rozf\u00e1zovan\u00e9 instrukce se jim ozvou nejen v&nbsp;ukrajinsk\u00e9m jazyce, ale i v&nbsp;\u010desk\u00e9m jazyce, a tak si mohou nen\u00e1silnou formou p\u0159irozen\u011b krok za krokem osvojit komunikaci v&nbsp;\u010desk\u00e9m jazyce. D\u011bti se v&nbsp;tomto v\u011bku velice rychle u\u010d\u00ed. Instrukce, kter\u00e9 je pob\u00edzej\u00ed do pr\u00e1ce, se ve cvi\u010den\u00edch st\u00e1le opakuj\u00ed. A tak po druh\u00e9m a t\u0159et\u00edm poslechu stejn\u00e9 instrukce v&nbsp;\u010desk\u00e9m jazyce, d\u011bti u\u017e zvl\u00e1daj\u00ed samy reagovat. V&nbsp;ukrajinsk\u00e9m jazyce se instrukce objev\u00ed i napsan\u00e1 a z\u016fstane zde do doby, ne\u017e p\u0159ejdou do dal\u0161\u00ed \u010d\u00e1sti \u00fakolu. To umo\u017en\u00ed dosp\u011bl\u00fdm kdykoli nahl\u00e9dnout do zad\u00e1n\u00ed bez toho, ani\u017e by si museli p\u0159ehr\u00e1vat instrukci n\u011bkolikr\u00e1t po sob\u011b. Nen\u00ed tak naru\u0161en klid, kter\u00fd d\u011bti pot\u0159ebuj\u00ed v&nbsp;tu chv\u00edli pro pr\u00e1ci.<\/p>\n\n\n\n<figure class=\"wp-block-image size-full\"><a href=\"https:\/\/nns.cz\/predskolak\/wp-content\/uploads\/2022\/05\/UA_Zapis_21_SC2.png\" target=\"_blank\" rel=\"noopener noreferrer\"><img loading=\"lazy\" decoding=\"async\" width=\"1920\" height=\"1040\" src=\"https:\/\/nns.cz\/predskolak\/wp-content\/uploads\/2022\/05\/UA_Zapis_21_SC2.png\" alt=\"\" class=\"wp-image-709\" srcset=\"https:\/\/nns.cz\/predskolak\/wp-content\/uploads\/2022\/05\/UA_Zapis_21_SC2.png 1920w, https:\/\/nns.cz\/predskolak\/wp-content\/uploads\/2022\/05\/UA_Zapis_21_SC2-300x163.png 300w, https:\/\/nns.cz\/predskolak\/wp-content\/uploads\/2022\/05\/UA_Zapis_21_SC2-1024x555.png 1024w, https:\/\/nns.cz\/predskolak\/wp-content\/uploads\/2022\/05\/UA_Zapis_21_SC2-768x416.png 768w, https:\/\/nns.cz\/predskolak\/wp-content\/uploads\/2022\/05\/UA_Zapis_21_SC2-1536x832.png 1536w\" sizes=\"auto, (max-width: 1920px) 100vw, 1920px\" \/><\/a><\/figure>\n\n\n\n<p>Pr\u016fvodcem ve cvi\u010den\u00edch je d\u011btem i <strong>vesel\u00e1 tu\u017eka<\/strong>, kter\u00e1 jim na informa\u010dn\u00edch kart\u00e1ch sd\u011bluje formou jednoduch\u00e9 v\u011bty pokyn k\u00a0dan\u00e9mu cvi\u010den\u00ed. Vybrali jsme z\u00e1m\u011brn\u011b pokyny, kter\u00e9 pan\u00ed u\u010ditelky nej\u010dast\u011bji pou\u017e\u00edvaj\u00ed p\u0159i zapojen\u00ed d\u011bt\u00ed do spole\u010dn\u00e9 pr\u00e1ce. Jsou nahr\u00e1ny v&nbsp;\u010de\u0161tin\u011b i v&nbsp;ukrajin\u0161tin\u011b a pro zv\u00eddav\u00e9 d\u011bti je uvedena i jejich p\u00edsemn\u00e1 podoba, z\u00e1m\u011brn\u011b zapsan\u00e1 velk\u00fdmi p\u00edsmeny, kter\u00e1 si d\u011bti v&nbsp;tomto v\u011bku p\u0159irozen\u011b osvojuj\u00ed d\u0159\u00edve ne\u017e podobu mal\u00fdch tiskac\u00edch p\u00edsmen.<\/p>\n\n\n\n<p>Pokyny jsou stru\u010dn\u00e9 a jednozna\u010dn\u00e9, ukrajinsk\u00e9 d\u011bti se tak mohou rychle zapojit do pr\u00e1ce i ve skupin\u00e1ch nebo t\u0159\u00edd\u00e1ch, v&nbsp;nich\u017e jsou spole\u010dn\u011b s&nbsp;d\u011btmi mluv\u00edc\u00edmi \u010desky. Vesel\u00fd a v\u00fdsti\u017en\u00fd obr\u00e1zek na kart\u011b d\u011btem napov\u00ed.<\/p>\n\n\n\n<div class=\"wp-block-image\"><figure class=\"aligncenter size-full\"><a href=\"https:\/\/nns.cz\/predskolak\/wp-content\/uploads\/2022\/05\/UA_Zapis_1_SC1.png\" target=\"_blank\" rel=\"noopener noreferrer\"><img loading=\"lazy\" decoding=\"async\" width=\"1920\" height=\"1040\" src=\"https:\/\/nns.cz\/predskolak\/wp-content\/uploads\/2022\/05\/UA_Zapis_1_SC1.png\" alt=\"\" class=\"wp-image-702\" srcset=\"https:\/\/nns.cz\/predskolak\/wp-content\/uploads\/2022\/05\/UA_Zapis_1_SC1.png 1920w, https:\/\/nns.cz\/predskolak\/wp-content\/uploads\/2022\/05\/UA_Zapis_1_SC1-300x163.png 300w, https:\/\/nns.cz\/predskolak\/wp-content\/uploads\/2022\/05\/UA_Zapis_1_SC1-1024x555.png 1024w, https:\/\/nns.cz\/predskolak\/wp-content\/uploads\/2022\/05\/UA_Zapis_1_SC1-768x416.png 768w, https:\/\/nns.cz\/predskolak\/wp-content\/uploads\/2022\/05\/UA_Zapis_1_SC1-1536x832.png 1536w\" sizes=\"auto, (max-width: 1920px) 100vw, 1920px\" \/><\/a><\/figure><\/div>\n\n\n\n<p>Pro rodi\u010de, vyu\u010duj\u00edc\u00ed a star\u0161\u00ed d\u011bti, kter\u00e9 s&nbsp;p\u0159ed\u0161kol\u00e1ky v&nbsp;na\u0161\u00ed u\u010debnici pracuj\u00ed, jsme p\u0159ipravili <strong>n\u00e1pov\u011bdu<\/strong> k&nbsp;ovl\u00e1d\u00e1n\u00ed tu\u017eky, gumy, pastelek a kybl\u00edku na obr\u00e1zkov\u00e9m panelu <strong>v ukrajin\u0161tin\u011b<\/strong>. Mohou si ji nejen p\u0159e\u010d\u00edst, ale i poslechnout. Naleznou ji pod otazn\u00edkem vpravo naho\u0159e. K\u0159\u00ed\u017ekem se dostanou zp\u011bt na hlavn\u00ed str\u00e1nku.<\/p>\n\n\n\n<figure class=\"wp-block-image size-full\"><a href=\"https:\/\/nns.cz\/predskolak\/wp-content\/uploads\/2022\/05\/b\u00edl\u00e9-v\u00e1noce-fialov\u00e9-tu\u017eka.png\" target=\"_blank\" rel=\"noopener noreferrer\"><img loading=\"lazy\" decoding=\"async\" width=\"1920\" height=\"1040\" src=\"https:\/\/nns.cz\/predskolak\/wp-content\/uploads\/2022\/05\/b\u00edl\u00e9-v\u00e1noce-fialov\u00e9-tu\u017eka.png\" alt=\"\" class=\"wp-image-701\" srcset=\"https:\/\/nns.cz\/predskolak\/wp-content\/uploads\/2022\/05\/b\u00edl\u00e9-v\u00e1noce-fialov\u00e9-tu\u017eka.png 1920w, https:\/\/nns.cz\/predskolak\/wp-content\/uploads\/2022\/05\/b\u00edl\u00e9-v\u00e1noce-fialov\u00e9-tu\u017eka-300x163.png 300w, https:\/\/nns.cz\/predskolak\/wp-content\/uploads\/2022\/05\/b\u00edl\u00e9-v\u00e1noce-fialov\u00e9-tu\u017eka-1024x555.png 1024w, https:\/\/nns.cz\/predskolak\/wp-content\/uploads\/2022\/05\/b\u00edl\u00e9-v\u00e1noce-fialov\u00e9-tu\u017eka-768x416.png 768w, https:\/\/nns.cz\/predskolak\/wp-content\/uploads\/2022\/05\/b\u00edl\u00e9-v\u00e1noce-fialov\u00e9-tu\u017eka-1536x832.png 1536w\" sizes=\"auto, (max-width: 1920px) 100vw, 1920px\" \/><\/a><\/figure>\n\n\n\n<div class=\"wp-block-image\"><figure class=\"aligncenter size-full\"><a href=\"https:\/\/nns.cz\/predskolak\/wp-content\/uploads\/2022\/05\/UA_Zapis_1_SC2.png\" target=\"_blank\" rel=\"noopener noreferrer\"><img loading=\"lazy\" decoding=\"async\" width=\"1920\" height=\"1040\" src=\"https:\/\/nns.cz\/predskolak\/wp-content\/uploads\/2022\/05\/UA_Zapis_1_SC2.png\" alt=\"\" class=\"wp-image-703\" srcset=\"https:\/\/nns.cz\/predskolak\/wp-content\/uploads\/2022\/05\/UA_Zapis_1_SC2.png 1920w, https:\/\/nns.cz\/predskolak\/wp-content\/uploads\/2022\/05\/UA_Zapis_1_SC2-300x163.png 300w, https:\/\/nns.cz\/predskolak\/wp-content\/uploads\/2022\/05\/UA_Zapis_1_SC2-1024x555.png 1024w, https:\/\/nns.cz\/predskolak\/wp-content\/uploads\/2022\/05\/UA_Zapis_1_SC2-768x416.png 768w, https:\/\/nns.cz\/predskolak\/wp-content\/uploads\/2022\/05\/UA_Zapis_1_SC2-1536x832.png 1536w\" sizes=\"auto, (max-width: 1920px) 100vw, 1920px\" \/><\/a><\/figure><\/div>\n\n\n\n<p>Rozf\u00e1zov\u00e1n\u00ed pr\u00e1ce na str\u00e1nce d\u011btem umo\u017en\u00ed l\u00e9pe se soust\u0159edit na konkr\u00e9tn\u00ed \u00fakol. Nav\u00edc interaktivn\u00ed pracovn\u00ed u\u010debnice nab\u00edz\u00ed mo\u017enost zv\u011bt\u0161it si obr\u00e1zek, se kter\u00fdm pracuj\u00ed. V&nbsp;p\u0159\u00edpad\u011b, \u017ee d\u011bti vedou \u010d\u00e1ry horizont\u00e1ln\u011b, v&nbsp;interaktivn\u00ed u\u010debnici maj\u00ed pro to v\u00edce prostoru. P\u0159\u00edslu\u0161nou str\u00e1nka se zobraz\u00ed ve form\u00e1tu na \u0161\u00ed\u0159ku.<\/p>\n\n\n\n<div class=\"wp-block-image\"><figure class=\"aligncenter size-full\"><a href=\"https:\/\/nns.cz\/predskolak\/wp-content\/uploads\/2022\/05\/UA_Zapis_13_SC2.png\" target=\"_blank\" rel=\"noopener noreferrer\"><img loading=\"lazy\" decoding=\"async\" width=\"1920\" height=\"1040\" src=\"https:\/\/nns.cz\/predskolak\/wp-content\/uploads\/2022\/05\/UA_Zapis_13_SC2.png\" alt=\"\" class=\"wp-image-706\" srcset=\"https:\/\/nns.cz\/predskolak\/wp-content\/uploads\/2022\/05\/UA_Zapis_13_SC2.png 1920w, https:\/\/nns.cz\/predskolak\/wp-content\/uploads\/2022\/05\/UA_Zapis_13_SC2-300x163.png 300w, https:\/\/nns.cz\/predskolak\/wp-content\/uploads\/2022\/05\/UA_Zapis_13_SC2-1024x555.png 1024w, https:\/\/nns.cz\/predskolak\/wp-content\/uploads\/2022\/05\/UA_Zapis_13_SC2-768x416.png 768w, https:\/\/nns.cz\/predskolak\/wp-content\/uploads\/2022\/05\/UA_Zapis_13_SC2-1536x832.png 1536w\" sizes=\"auto, (max-width: 1920px) 100vw, 1920px\" \/><\/a><\/figure><\/div>\n\n\n\n<p>Je zde i v\u00edce prostoru ke kreslen\u00ed ne\u017e na hlavn\u00ed str\u00e1nce.<\/p>\n\n\n\n<div class=\"wp-block-image\"><figure class=\"aligncenter size-full\"><a href=\"https:\/\/nns.cz\/predskolak\/wp-content\/uploads\/2022\/05\/UA_Zapis_24-25.png\" target=\"_blank\" rel=\"noopener noreferrer\"><img loading=\"lazy\" decoding=\"async\" width=\"1920\" height=\"1040\" src=\"https:\/\/nns.cz\/predskolak\/wp-content\/uploads\/2022\/05\/UA_Zapis_24-25.png\" alt=\"\" class=\"wp-image-710\" srcset=\"https:\/\/nns.cz\/predskolak\/wp-content\/uploads\/2022\/05\/UA_Zapis_24-25.png 1920w, https:\/\/nns.cz\/predskolak\/wp-content\/uploads\/2022\/05\/UA_Zapis_24-25-300x163.png 300w, https:\/\/nns.cz\/predskolak\/wp-content\/uploads\/2022\/05\/UA_Zapis_24-25-1024x555.png 1024w, https:\/\/nns.cz\/predskolak\/wp-content\/uploads\/2022\/05\/UA_Zapis_24-25-768x416.png 768w, https:\/\/nns.cz\/predskolak\/wp-content\/uploads\/2022\/05\/UA_Zapis_24-25-1536x832.png 1536w\" sizes=\"auto, (max-width: 1920px) 100vw, 1920px\" \/><\/a><\/figure><\/div>\n\n\n\n<figure class=\"wp-block-image size-full\"><a href=\"https:\/\/nns.cz\/predskolak\/wp-content\/uploads\/2022\/05\/UA_Zapis_25_SC1.png\" target=\"_blank\" rel=\"noopener noreferrer\"><img loading=\"lazy\" decoding=\"async\" width=\"1920\" height=\"1040\" src=\"https:\/\/nns.cz\/predskolak\/wp-content\/uploads\/2022\/05\/UA_Zapis_25_SC1.png\" alt=\"\" class=\"wp-image-711\" srcset=\"https:\/\/nns.cz\/predskolak\/wp-content\/uploads\/2022\/05\/UA_Zapis_25_SC1.png 1920w, https:\/\/nns.cz\/predskolak\/wp-content\/uploads\/2022\/05\/UA_Zapis_25_SC1-300x163.png 300w, https:\/\/nns.cz\/predskolak\/wp-content\/uploads\/2022\/05\/UA_Zapis_25_SC1-1024x555.png 1024w, https:\/\/nns.cz\/predskolak\/wp-content\/uploads\/2022\/05\/UA_Zapis_25_SC1-768x416.png 768w, https:\/\/nns.cz\/predskolak\/wp-content\/uploads\/2022\/05\/UA_Zapis_25_SC1-1536x832.png 1536w\" sizes=\"auto, (max-width: 1920px) 100vw, 1920px\" \/><\/a><\/figure>\n\n\n\n<p>Ve <strong>cvi\u010den\u00ed sluchov\u00e9ho vn\u00edm\u00e1n\u00ed<\/strong> se ukrajinsk\u00e9 d\u011bti mohou nau\u010dit obl\u00edben\u00e9 \u010desk\u00e9 lidov\u00e9 \u0159\u00edkanky nebo b\u00e1sni\u010dky. Po kliknut\u00ed na r\u00e1me\u010dek s&nbsp;grafick\u00fdm z\u00e1znamem slova si toto slovo poslechnou po slabik\u00e1ch. Slova opakuj\u00ed a tleskaj\u00ed p\u0159itom do rytmu \u0159\u00edkanky.<\/p>\n\n\n\n<p>Na tomto cvi\u010den\u00ed spolupracovali jazykov\u00ed poradci z&nbsp;Filosofick\u00e9 fakulty MU: Mgr. Lenka Bi\u010danov\u00e1, Ph.D., a PhDr. Ale\u0161 Bi\u010dan, Ph.D. \u0158\u00edkanky pod jejich odborn\u00fdm dohledem namluvila here\u010dka Barbora Milotov\u00e1.<\/p>\n\n\n\n<div class=\"wp-block-image\"><figure class=\"aligncenter size-full\"><a href=\"https:\/\/nns.cz\/predskolak\/wp-content\/uploads\/2022\/05\/UA_Zapis_4_IC.png\" target=\"_blank\" rel=\"noopener noreferrer\"><img loading=\"lazy\" decoding=\"async\" width=\"1920\" height=\"1040\" src=\"https:\/\/nns.cz\/predskolak\/wp-content\/uploads\/2022\/05\/UA_Zapis_4_IC.png\" alt=\"\" class=\"wp-image-704\" srcset=\"https:\/\/nns.cz\/predskolak\/wp-content\/uploads\/2022\/05\/UA_Zapis_4_IC.png 1920w, https:\/\/nns.cz\/predskolak\/wp-content\/uploads\/2022\/05\/UA_Zapis_4_IC-300x163.png 300w, https:\/\/nns.cz\/predskolak\/wp-content\/uploads\/2022\/05\/UA_Zapis_4_IC-1024x555.png 1024w, https:\/\/nns.cz\/predskolak\/wp-content\/uploads\/2022\/05\/UA_Zapis_4_IC-768x416.png 768w, https:\/\/nns.cz\/predskolak\/wp-content\/uploads\/2022\/05\/UA_Zapis_4_IC-1536x832.png 1536w\" sizes=\"auto, (max-width: 1920px) 100vw, 1920px\" \/><\/a><\/figure><\/div>\n\n\n\n<p>Autorsk\u00e9 \u0159\u00edkanky na hlavn\u00edch str\u00e1nk\u00e1ch, kter\u00e9 jsou obsahov\u011b koncipov\u00e1ny k&nbsp;t\u00e9matu str\u00e1nky, p\u0159elo\u017eila do ukrajin\u0161tiny Mgr. Nadia Kyfiuk z&nbsp;Filosofick\u00e9 fakulty MU.<\/p>\n\n\n\n<div class=\"wp-block-image\"><figure class=\"aligncenter size-full\"><a href=\"https:\/\/nns.cz\/predskolak\/wp-content\/uploads\/2022\/05\/UA_Zapis_28-29.png\" target=\"_blank\" rel=\"noopener noreferrer\"><img loading=\"lazy\" decoding=\"async\" width=\"1920\" height=\"1040\" src=\"https:\/\/nns.cz\/predskolak\/wp-content\/uploads\/2022\/05\/UA_Zapis_28-29.png\" alt=\"\" class=\"wp-image-712\" srcset=\"https:\/\/nns.cz\/predskolak\/wp-content\/uploads\/2022\/05\/UA_Zapis_28-29.png 1920w, https:\/\/nns.cz\/predskolak\/wp-content\/uploads\/2022\/05\/UA_Zapis_28-29-300x163.png 300w, https:\/\/nns.cz\/predskolak\/wp-content\/uploads\/2022\/05\/UA_Zapis_28-29-1024x555.png 1024w, https:\/\/nns.cz\/predskolak\/wp-content\/uploads\/2022\/05\/UA_Zapis_28-29-768x416.png 768w, https:\/\/nns.cz\/predskolak\/wp-content\/uploads\/2022\/05\/UA_Zapis_28-29-1536x832.png 1536w\" sizes=\"auto, (max-width: 1920px) 100vw, 1920px\" \/><\/a><\/figure><\/div>\n\n\n\n<p>Instrukce ke h\u0159e <strong>pexeso<\/strong> maj\u00ed ukrajinsk\u00e9 d\u011bti k&nbsp;dispozici jak v&nbsp;ukrajin\u0161tin\u011b, tak i v&nbsp;\u010de\u0161tin\u011b, a to po spu\u0161t\u011bn\u00ed jednotliv\u00fdch reproduktor\u016f na panelu n\u00e1stroj\u016f.<\/p>\n\n\n\n<figure class=\"wp-block-image size-full\"><a href=\"https:\/\/nns.cz\/predskolak\/wp-content\/uploads\/2022\/05\/UA_Zapis_4_IC_pexeso.png\" target=\"_blank\" rel=\"noopener noreferrer\"><img loading=\"lazy\" decoding=\"async\" width=\"1920\" height=\"1040\" src=\"https:\/\/nns.cz\/predskolak\/wp-content\/uploads\/2022\/05\/UA_Zapis_4_IC_pexeso.png\" alt=\"\" class=\"wp-image-705\" srcset=\"https:\/\/nns.cz\/predskolak\/wp-content\/uploads\/2022\/05\/UA_Zapis_4_IC_pexeso.png 1920w, https:\/\/nns.cz\/predskolak\/wp-content\/uploads\/2022\/05\/UA_Zapis_4_IC_pexeso-300x163.png 300w, https:\/\/nns.cz\/predskolak\/wp-content\/uploads\/2022\/05\/UA_Zapis_4_IC_pexeso-1024x555.png 1024w, https:\/\/nns.cz\/predskolak\/wp-content\/uploads\/2022\/05\/UA_Zapis_4_IC_pexeso-768x416.png 768w, https:\/\/nns.cz\/predskolak\/wp-content\/uploads\/2022\/05\/UA_Zapis_4_IC_pexeso-1536x832.png 1536w\" sizes=\"auto, (max-width: 1920px) 100vw, 1920px\" \/><\/a><\/figure>\n\n\n\n<p>Pracovn\u00ed u\u010debnici Z\u00e1pis je tu p\u0159elo\u017eila do ukrajin\u0161tiny Mgr. Nadia Kyfiuk z&nbsp;Filosofick\u00e9 fakulty MU. Audia v&nbsp;ukrajinsk\u00e9m jazyce nahr\u00e1la rodil\u00e1 mluv\u010d\u00ed Ing. Iryna Madrychenko.<\/p>\n\n\n\n<p>Za podn\u011btn\u00e9 p\u0159ipom\u00ednky d\u011bkujeme v\u0161em d\u011btem a vyu\u010duj\u00edc\u00edm, kte\u0159\u00ed se pod\u00edleli na ov\u011b\u0159ov\u00e1n\u00ed ti\u0161t\u011bn\u00e9 i interaktivn\u00ed pracovn\u00ed u\u010debnice <strong><span class=\"has-inline-color has-vivid-red-color\">Z<\/span><span class=\"has-inline-color has-luminous-vivid-amber-color\">\u00c1<\/span><span class=\"has-inline-color has-vivid-green-cyan-color\">P<\/span><span class=\"has-inline-color has-pale-pink-color\">I<\/span><span class=\"has-inline-color has-vivid-cyan-blue-color\">S<\/span><\/strong> <strong><span class=\"has-inline-color has-light-green-cyan-color\">J<\/span><span class=\"has-inline-color has-vivid-red-color\">E<\/span><\/strong> <strong><span class=\"has-inline-color has-pale-cyan-blue-color\">T<\/span><span class=\"has-inline-color has-light-green-cyan-color\">U<\/span><\/strong>, ze kter\u00e9 vze\u0161la tato interaktivn\u00ed verze u\u010debnice v&nbsp;ukrajinsk\u00e9m jazyce.<\/p>\n\n\n\n<p>V\u0161em, kte\u0159\u00ed se pod\u00edleli na projektu v\u011bnovan\u00e9mu ukrajinsk\u00fdm d\u011btem, d\u011bkujeme za pomoc!<\/p>\n","protected":false},"excerpt":{"rendered":"<p>Pro ukrajinsk\u00e9 d\u011bti, jejich rodi\u010de a vyu\u010duj\u00edc\u00ed a pro v\u0161echny pot\u0159ebn\u00e9 jsme p\u0159ipravili Z\u00c1PIS JE TU v&nbsp;ukrajin\u0161tin\u011b. D\u011btem pom\u016f\u017ee p\u0159ipomenout si, co v\u0161echno maj\u00ed um\u011bt k&nbsp;z\u00e1pisu do 1.&nbsp;ro\u010dn\u00edku. Douf\u00e1me tak\u00e9, \u017ee se n\u00e1m poda\u0159\u00ed alespo\u0148 na chvilku odv\u00e9st pozornost d\u011bt\u00ed od smutn\u00fdch ud\u00e1lost\u00ed, kter\u00fdmi si musej\u00ed v&nbsp;tuto pro n\u011b nelehkou dobu proch\u00e1zet. P\u0159ejeme v\u0161em, aby [&hellip;]<\/p>\n","protected":false},"author":3,"featured_media":0,"comment_status":"open","ping_status":"open","sticky":false,"template":"","format":"standard","meta":{"footnotes":""},"categories":[1],"tags":[],"class_list":["post-699","post","type-post","status-publish","format-standard","hentry","category-nezarazene","latest_post"],"_links":{"self":[{"href":"https:\/\/nns.cz\/predskolak\/wp-json\/wp\/v2\/posts\/699","targetHints":{"allow":["GET"]}}],"collection":[{"href":"https:\/\/nns.cz\/predskolak\/wp-json\/wp\/v2\/posts"}],"about":[{"href":"https:\/\/nns.cz\/predskolak\/wp-json\/wp\/v2\/types\/post"}],"author":[{"embeddable":true,"href":"https:\/\/nns.cz\/predskolak\/wp-json\/wp\/v2\/users\/3"}],"replies":[{"embeddable":true,"href":"https:\/\/nns.cz\/predskolak\/wp-json\/wp\/v2\/comments?post=699"}],"version-history":[{"count":14,"href":"https:\/\/nns.cz\/predskolak\/wp-json\/wp\/v2\/posts\/699\/revisions"}],"predecessor-version":[{"id":728,"href":"https:\/\/nns.cz\/predskolak\/wp-json\/wp\/v2\/posts\/699\/revisions\/728"}],"wp:attachment":[{"href":"https:\/\/nns.cz\/predskolak\/wp-json\/wp\/v2\/media?parent=699"}],"wp:term":[{"taxonomy":"category","embeddable":true,"href":"https:\/\/nns.cz\/predskolak\/wp-json\/wp\/v2\/categories?post=699"},{"taxonomy":"post_tag","embeddable":true,"href":"https:\/\/nns.cz\/predskolak\/wp-json\/wp\/v2\/tags?post=699"}],"curies":[{"name":"wp","href":"https:\/\/api.w.org\/{rel}","templated":true}]}}