{"id":619,"date":"2022-03-31T11:57:22","date_gmt":"2022-03-31T09:57:22","guid":{"rendered":"https:\/\/nns.cz\/predskolak\/?p=619"},"modified":"2022-04-05T16:22:30","modified_gmt":"2022-04-05T14:22:30","slug":"nova-podoba-zapis-je-tu","status":"publish","type":"post","link":"https:\/\/nns.cz\/predskolak\/nova-podoba-zapis-je-tu\/","title":{"rendered":"Nov\u00e1 podoba Z\u00c1PIS JE TU"},"content":{"rendered":"\n<p><strong>MIU\u010d+ <span class=\"has-inline-color has-vivid-red-color\">Z<\/span><span class=\"has-inline-color has-luminous-vivid-amber-color\">\u00c1<\/span><span class=\"has-inline-color has-vivid-green-cyan-color\">P<\/span><span class=\"has-inline-color has-pale-pink-color\">I<\/span><span class=\"has-inline-color has-vivid-cyan-blue-color\">S<\/span> <span class=\"has-inline-color has-vivid-green-cyan-color\">J<\/span><span class=\"has-inline-color has-vivid-red-color\">E<\/span> <span class=\"has-inline-color has-vivid-cyan-blue-color\">T<\/span><span class=\"has-inline-color has-light-green-cyan-color\">U<\/span><\/strong> vych\u00e1z\u00ed nyn\u00ed v&nbsp;NOV\u00c9 podob\u011b! <strong>S obr\u00e1zkov\u00fdm ovl\u00e1dac\u00edm panelem pro nejmen\u0161\u00ed.<\/strong><\/p>\n\n\n\n<p>Ovl\u00e1dac\u00ed panel se nach\u00e1z\u00ed dole, kde je <strong>d\u011btem<\/strong> nejl\u00e9pe <strong>p\u0159\u00edstupn\u00fd<\/strong>. Po v\u00fdb\u011bru cvi\u010den\u00ed na hlavn\u00ed str\u00e1nce si d\u011bti postupn\u011b spou\u0161t\u00ed jednotliv\u00e9 reproduktory na ovl\u00e1dac\u00edm panelu. <strong>Audio instrukce<\/strong> vedou d\u011bti <strong>krok za krokem ke spln\u011bn\u00ed \u00fakolu<\/strong>.<\/p>\n\n\n\n<div class=\"wp-block-image\"><figure class=\"alignleft size-large is-resized\"><img loading=\"lazy\" decoding=\"async\" src=\"https:\/\/nns.cz\/predskolak\/wp-content\/uploads\/2020\/11\/ikona-kniha-s-rukou.png\" alt=\"\" class=\"wp-image-252\" width=\"50\" height=\"50\" srcset=\"https:\/\/nns.cz\/predskolak\/wp-content\/uploads\/2020\/11\/ikona-kniha-s-rukou.png 907w, https:\/\/nns.cz\/predskolak\/wp-content\/uploads\/2020\/11\/ikona-kniha-s-rukou-294x300.png 294w, https:\/\/nns.cz\/predskolak\/wp-content\/uploads\/2020\/11\/ikona-kniha-s-rukou-150x150.png 150w, https:\/\/nns.cz\/predskolak\/wp-content\/uploads\/2020\/11\/ikona-kniha-s-rukou-768x783.png 768w, https:\/\/nns.cz\/predskolak\/wp-content\/uploads\/2020\/11\/ikona-kniha-s-rukou-246x246.png 246w, https:\/\/nns.cz\/predskolak\/wp-content\/uploads\/2020\/11\/ikona-kniha-s-rukou-520x520.png 520w, https:\/\/nns.cz\/predskolak\/wp-content\/uploads\/2020\/11\/ikona-kniha-s-rukou-185x185.png 185w, https:\/\/nns.cz\/predskolak\/wp-content\/uploads\/2020\/11\/ikona-kniha-s-rukou-220x220.png 220w, https:\/\/nns.cz\/predskolak\/wp-content\/uploads\/2020\/11\/ikona-kniha-s-rukou-60x60.png 60w, https:\/\/nns.cz\/predskolak\/wp-content\/uploads\/2020\/11\/ikona-kniha-s-rukou-384x384.png 384w\" sizes=\"auto, (max-width: 50px) 100vw, 50px\" \/><\/figure><\/div>\n\n\n\n<p>\u0158\u00edkanky v&nbsp;NOV\u00c9 podob\u011b s&nbsp;ovl\u00e1dac\u00edm panelem pro p\u0159ed\u0161kol\u00e1ky<\/p>\n\n\n\n<div class=\"wp-block-image\"><figure class=\"aligncenter size-full\"><img loading=\"lazy\" decoding=\"async\" width=\"1920\" height=\"1040\" src=\"https:\/\/nns.cz\/predskolak\/wp-content\/uploads\/2022\/04\/Zapis_je_tu_1.png\" alt=\"\" class=\"wp-image-651\" srcset=\"https:\/\/nns.cz\/predskolak\/wp-content\/uploads\/2022\/04\/Zapis_je_tu_1.png 1920w, https:\/\/nns.cz\/predskolak\/wp-content\/uploads\/2022\/04\/Zapis_je_tu_1-300x163.png 300w, https:\/\/nns.cz\/predskolak\/wp-content\/uploads\/2022\/04\/Zapis_je_tu_1-1024x555.png 1024w, https:\/\/nns.cz\/predskolak\/wp-content\/uploads\/2022\/04\/Zapis_je_tu_1-768x416.png 768w, https:\/\/nns.cz\/predskolak\/wp-content\/uploads\/2022\/04\/Zapis_je_tu_1-1536x832.png 1536w\" sizes=\"auto, (max-width: 1920px) 100vw, 1920px\" \/><\/figure><\/div>\n\n\n\n<p>Na ovl\u00e1dac\u00edm panelu maj\u00ed k&nbsp;dispozici i <strong>barevn\u00e9 kybl\u00edky<\/strong>, pomoc\u00ed kter\u00fdch si mohou obr\u00e1zky vybarvit.<\/p>\n\n\n\n<figure class=\"wp-block-image size-full\"><img loading=\"lazy\" decoding=\"async\" width=\"1920\" height=\"1040\" src=\"https:\/\/nns.cz\/predskolak\/wp-content\/uploads\/2022\/04\/Zapis_je_tu_2.png\" alt=\"\" class=\"wp-image-652\" srcset=\"https:\/\/nns.cz\/predskolak\/wp-content\/uploads\/2022\/04\/Zapis_je_tu_2.png 1920w, https:\/\/nns.cz\/predskolak\/wp-content\/uploads\/2022\/04\/Zapis_je_tu_2-300x163.png 300w, https:\/\/nns.cz\/predskolak\/wp-content\/uploads\/2022\/04\/Zapis_je_tu_2-1024x555.png 1024w, https:\/\/nns.cz\/predskolak\/wp-content\/uploads\/2022\/04\/Zapis_je_tu_2-768x416.png 768w, https:\/\/nns.cz\/predskolak\/wp-content\/uploads\/2022\/04\/Zapis_je_tu_2-1536x832.png 1536w\" sizes=\"auto, (max-width: 1920px) 100vw, 1920px\" \/><\/figure>\n\n\n\n<div class=\"wp-block-image\"><figure class=\"alignleft size-large is-resized\"><img loading=\"lazy\" decoding=\"async\" src=\"https:\/\/nns.cz\/predskolak\/wp-content\/uploads\/2020\/11\/ikona-pexeso01_cb-1024x1014.png\" alt=\"\" class=\"wp-image-253\" width=\"50\" height=\"50\" srcset=\"https:\/\/nns.cz\/predskolak\/wp-content\/uploads\/2020\/11\/ikona-pexeso01_cb-1024x1014.png 1024w, https:\/\/nns.cz\/predskolak\/wp-content\/uploads\/2020\/11\/ikona-pexeso01_cb-300x297.png 300w, https:\/\/nns.cz\/predskolak\/wp-content\/uploads\/2020\/11\/ikona-pexeso01_cb-150x150.png 150w, https:\/\/nns.cz\/predskolak\/wp-content\/uploads\/2020\/11\/ikona-pexeso01_cb-768x761.png 768w, https:\/\/nns.cz\/predskolak\/wp-content\/uploads\/2020\/11\/ikona-pexeso01_cb-1536x1522.png 1536w, https:\/\/nns.cz\/predskolak\/wp-content\/uploads\/2020\/11\/ikona-pexeso01_cb-246x246.png 246w, https:\/\/nns.cz\/predskolak\/wp-content\/uploads\/2020\/11\/ikona-pexeso01_cb-520x520.png 520w, https:\/\/nns.cz\/predskolak\/wp-content\/uploads\/2020\/11\/ikona-pexeso01_cb-185x185.png 185w, https:\/\/nns.cz\/predskolak\/wp-content\/uploads\/2020\/11\/ikona-pexeso01_cb-220x220.png 220w, https:\/\/nns.cz\/predskolak\/wp-content\/uploads\/2020\/11\/ikona-pexeso01_cb-60x60.png 60w, https:\/\/nns.cz\/predskolak\/wp-content\/uploads\/2020\/11\/ikona-pexeso01_cb-384x384.png 384w, https:\/\/nns.cz\/predskolak\/wp-content\/uploads\/2020\/11\/ikona-pexeso01_cb.png 1817w\" sizes=\"auto, (max-width: 50px) 100vw, 50px\" \/><\/figure><\/div>\n\n\n\n<p>Pexeso v&nbsp;NOV\u00c9 podob\u011b s&nbsp;ovl\u00e1dac\u00edm panelem pro p\u0159ed\u0161kol\u00e1ky<\/p>\n\n\n\n<figure class=\"wp-block-image size-full\"><img loading=\"lazy\" decoding=\"async\" width=\"1920\" height=\"1040\" src=\"https:\/\/nns.cz\/predskolak\/wp-content\/uploads\/2022\/04\/Zapis_je_tu_3.png\" alt=\"\" class=\"wp-image-653\" srcset=\"https:\/\/nns.cz\/predskolak\/wp-content\/uploads\/2022\/04\/Zapis_je_tu_3.png 1920w, https:\/\/nns.cz\/predskolak\/wp-content\/uploads\/2022\/04\/Zapis_je_tu_3-300x163.png 300w, https:\/\/nns.cz\/predskolak\/wp-content\/uploads\/2022\/04\/Zapis_je_tu_3-1024x555.png 1024w, https:\/\/nns.cz\/predskolak\/wp-content\/uploads\/2022\/04\/Zapis_je_tu_3-768x416.png 768w, https:\/\/nns.cz\/predskolak\/wp-content\/uploads\/2022\/04\/Zapis_je_tu_3-1536x832.png 1536w\" sizes=\"auto, (max-width: 1920px) 100vw, 1920px\" \/><\/figure>\n\n\n\n<div class=\"wp-block-image\"><figure class=\"alignleft size-large is-resized\"><img loading=\"lazy\" decoding=\"async\" src=\"https:\/\/nns.cz\/predskolak\/wp-content\/uploads\/2021\/03\/ikona-my\u0161-skl\u00e1da\u010dka-03_cb-1024x1018.png\" alt=\"\" class=\"wp-image-375\" width=\"50\" height=\"50\" srcset=\"https:\/\/nns.cz\/predskolak\/wp-content\/uploads\/2021\/03\/ikona-my\u0161-skl\u00e1da\u010dka-03_cb-1024x1018.png 1024w, https:\/\/nns.cz\/predskolak\/wp-content\/uploads\/2021\/03\/ikona-my\u0161-skl\u00e1da\u010dka-03_cb-300x298.png 300w, https:\/\/nns.cz\/predskolak\/wp-content\/uploads\/2021\/03\/ikona-my\u0161-skl\u00e1da\u010dka-03_cb-150x150.png 150w, https:\/\/nns.cz\/predskolak\/wp-content\/uploads\/2021\/03\/ikona-my\u0161-skl\u00e1da\u010dka-03_cb-768x763.png 768w, https:\/\/nns.cz\/predskolak\/wp-content\/uploads\/2021\/03\/ikona-my\u0161-skl\u00e1da\u010dka-03_cb-246x246.png 246w, https:\/\/nns.cz\/predskolak\/wp-content\/uploads\/2021\/03\/ikona-my\u0161-skl\u00e1da\u010dka-03_cb-520x520.png 520w, https:\/\/nns.cz\/predskolak\/wp-content\/uploads\/2021\/03\/ikona-my\u0161-skl\u00e1da\u010dka-03_cb-185x185.png 185w, https:\/\/nns.cz\/predskolak\/wp-content\/uploads\/2021\/03\/ikona-my\u0161-skl\u00e1da\u010dka-03_cb-220x220.png 220w, https:\/\/nns.cz\/predskolak\/wp-content\/uploads\/2021\/03\/ikona-my\u0161-skl\u00e1da\u010dka-03_cb-60x60.png 60w, https:\/\/nns.cz\/predskolak\/wp-content\/uploads\/2021\/03\/ikona-my\u0161-skl\u00e1da\u010dka-03_cb-384x384.png 384w, https:\/\/nns.cz\/predskolak\/wp-content\/uploads\/2021\/03\/ikona-my\u0161-skl\u00e1da\u010dka-03_cb.png 1352w\" sizes=\"auto, (max-width: 50px) 100vw, 50px\" \/><\/figure><\/div>\n\n\n\n<p>Skl\u00e1d\u00e1n\u00ed obr\u00e1zk\u016f v&nbsp;NOV\u00c9 podob\u011b s&nbsp;ovl\u00e1dac\u00edm panelem pro p\u0159ed\u0161kol\u00e1ky<\/p>\n\n\n\n<figure class=\"wp-block-image size-full\"><img loading=\"lazy\" decoding=\"async\" width=\"1920\" height=\"1040\" src=\"https:\/\/nns.cz\/predskolak\/wp-content\/uploads\/2022\/04\/Zapis_je_tu_4.png\" alt=\"\" class=\"wp-image-654\" srcset=\"https:\/\/nns.cz\/predskolak\/wp-content\/uploads\/2022\/04\/Zapis_je_tu_4.png 1920w, https:\/\/nns.cz\/predskolak\/wp-content\/uploads\/2022\/04\/Zapis_je_tu_4-300x163.png 300w, https:\/\/nns.cz\/predskolak\/wp-content\/uploads\/2022\/04\/Zapis_je_tu_4-1024x555.png 1024w, https:\/\/nns.cz\/predskolak\/wp-content\/uploads\/2022\/04\/Zapis_je_tu_4-768x416.png 768w, https:\/\/nns.cz\/predskolak\/wp-content\/uploads\/2022\/04\/Zapis_je_tu_4-1536x832.png 1536w\" sizes=\"auto, (max-width: 1920px) 100vw, 1920px\" \/><\/figure>\n\n\n\n<div class=\"wp-block-image\"><figure class=\"alignleft size-large is-resized\"><img loading=\"lazy\" decoding=\"async\" src=\"https:\/\/nns.cz\/predskolak\/wp-content\/uploads\/2020\/11\/ikona_poznavaci_karty.png\" alt=\"\" class=\"wp-image-257\" width=\"50\" height=\"50\" srcset=\"https:\/\/nns.cz\/predskolak\/wp-content\/uploads\/2020\/11\/ikona_poznavaci_karty.png 400w, https:\/\/nns.cz\/predskolak\/wp-content\/uploads\/2020\/11\/ikona_poznavaci_karty-300x300.png 300w, https:\/\/nns.cz\/predskolak\/wp-content\/uploads\/2020\/11\/ikona_poznavaci_karty-150x150.png 150w, https:\/\/nns.cz\/predskolak\/wp-content\/uploads\/2020\/11\/ikona_poznavaci_karty-246x246.png 246w, https:\/\/nns.cz\/predskolak\/wp-content\/uploads\/2020\/11\/ikona_poznavaci_karty-185x185.png 185w, https:\/\/nns.cz\/predskolak\/wp-content\/uploads\/2020\/11\/ikona_poznavaci_karty-220x220.png 220w, https:\/\/nns.cz\/predskolak\/wp-content\/uploads\/2020\/11\/ikona_poznavaci_karty-60x60.png 60w, https:\/\/nns.cz\/predskolak\/wp-content\/uploads\/2020\/11\/ikona_poznavaci_karty-384x384.png 384w\" sizes=\"auto, (max-width: 50px) 100vw, 50px\" \/><\/figure><\/div>\n\n\n\n<p>Pozn\u00e1vac\u00ed karty v&nbsp;NOV\u00c9 podob\u011b s&nbsp;ovl\u00e1dac\u00edm panelem pro p\u0159ed\u0161kol\u00e1ky<\/p>\n\n\n\n<figure class=\"wp-block-image size-full\"><img loading=\"lazy\" decoding=\"async\" width=\"1920\" height=\"1040\" src=\"https:\/\/nns.cz\/predskolak\/wp-content\/uploads\/2022\/04\/Zapis_je_tu_5.png\" alt=\"\" class=\"wp-image-655\" srcset=\"https:\/\/nns.cz\/predskolak\/wp-content\/uploads\/2022\/04\/Zapis_je_tu_5.png 1920w, https:\/\/nns.cz\/predskolak\/wp-content\/uploads\/2022\/04\/Zapis_je_tu_5-300x163.png 300w, https:\/\/nns.cz\/predskolak\/wp-content\/uploads\/2022\/04\/Zapis_je_tu_5-1024x555.png 1024w, https:\/\/nns.cz\/predskolak\/wp-content\/uploads\/2022\/04\/Zapis_je_tu_5-768x416.png 768w, https:\/\/nns.cz\/predskolak\/wp-content\/uploads\/2022\/04\/Zapis_je_tu_5-1536x832.png 1536w\" sizes=\"auto, (max-width: 1920px) 100vw, 1920px\" \/><\/figure>\n\n\n\n<div class=\"wp-block-image\"><figure class=\"alignleft size-large is-resized\"><img loading=\"lazy\" decoding=\"async\" src=\"https:\/\/nns.cz\/predskolak\/wp-content\/uploads\/2021\/03\/ikona-klobouk-v-r\u00e1mu_cb-1024x1018.png\" alt=\"\" class=\"wp-image-374\" width=\"50\" height=\"50\" srcset=\"https:\/\/nns.cz\/predskolak\/wp-content\/uploads\/2021\/03\/ikona-klobouk-v-r\u00e1mu_cb-1024x1018.png 1024w, https:\/\/nns.cz\/predskolak\/wp-content\/uploads\/2021\/03\/ikona-klobouk-v-r\u00e1mu_cb-300x298.png 300w, https:\/\/nns.cz\/predskolak\/wp-content\/uploads\/2021\/03\/ikona-klobouk-v-r\u00e1mu_cb-150x150.png 150w, https:\/\/nns.cz\/predskolak\/wp-content\/uploads\/2021\/03\/ikona-klobouk-v-r\u00e1mu_cb-768x763.png 768w, https:\/\/nns.cz\/predskolak\/wp-content\/uploads\/2021\/03\/ikona-klobouk-v-r\u00e1mu_cb-246x246.png 246w, https:\/\/nns.cz\/predskolak\/wp-content\/uploads\/2021\/03\/ikona-klobouk-v-r\u00e1mu_cb-520x520.png 520w, https:\/\/nns.cz\/predskolak\/wp-content\/uploads\/2021\/03\/ikona-klobouk-v-r\u00e1mu_cb-185x185.png 185w, https:\/\/nns.cz\/predskolak\/wp-content\/uploads\/2021\/03\/ikona-klobouk-v-r\u00e1mu_cb-220x220.png 220w, https:\/\/nns.cz\/predskolak\/wp-content\/uploads\/2021\/03\/ikona-klobouk-v-r\u00e1mu_cb-60x60.png 60w, https:\/\/nns.cz\/predskolak\/wp-content\/uploads\/2021\/03\/ikona-klobouk-v-r\u00e1mu_cb-384x384.png 384w, https:\/\/nns.cz\/predskolak\/wp-content\/uploads\/2021\/03\/ikona-klobouk-v-r\u00e1mu_cb.png 1352w\" sizes=\"auto, (max-width: 50px) 100vw, 50px\" \/><\/figure><\/div>\n\n\n\n<p>Karty z&nbsp;klobouku v&nbsp;NOV\u00c9 podob\u011b s&nbsp;ovl\u00e1dac\u00edm panelem pro p\u0159ed\u0161kol\u00e1ky<\/p>\n\n\n\n<figure class=\"wp-block-image size-full\"><img loading=\"lazy\" decoding=\"async\" width=\"1920\" height=\"1040\" src=\"https:\/\/nns.cz\/predskolak\/wp-content\/uploads\/2022\/04\/Zapis_je_tu_6.png\" alt=\"\" class=\"wp-image-656\" srcset=\"https:\/\/nns.cz\/predskolak\/wp-content\/uploads\/2022\/04\/Zapis_je_tu_6.png 1920w, https:\/\/nns.cz\/predskolak\/wp-content\/uploads\/2022\/04\/Zapis_je_tu_6-300x163.png 300w, https:\/\/nns.cz\/predskolak\/wp-content\/uploads\/2022\/04\/Zapis_je_tu_6-1024x555.png 1024w, https:\/\/nns.cz\/predskolak\/wp-content\/uploads\/2022\/04\/Zapis_je_tu_6-768x416.png 768w, https:\/\/nns.cz\/predskolak\/wp-content\/uploads\/2022\/04\/Zapis_je_tu_6-1536x832.png 1536w\" sizes=\"auto, (max-width: 1920px) 100vw, 1920px\" \/><\/figure>\n\n\n\n<p><strong>P\u0159ipravujeme:<\/strong><\/p>\n\n\n\n<div class=\"wp-block-image\"><figure class=\"alignleft size-large is-resized\"><img loading=\"lazy\" decoding=\"async\" src=\"https:\/\/nns.cz\/predskolak\/wp-content\/uploads\/2021\/12\/ikona-slunce-leporelo_web.png\" alt=\"\" class=\"wp-image-482\" width=\"50\" height=\"50\" srcset=\"https:\/\/nns.cz\/predskolak\/wp-content\/uploads\/2021\/12\/ikona-slunce-leporelo_web.png 300w, https:\/\/nns.cz\/predskolak\/wp-content\/uploads\/2021\/12\/ikona-slunce-leporelo_web-150x150.png 150w, https:\/\/nns.cz\/predskolak\/wp-content\/uploads\/2021\/12\/ikona-slunce-leporelo_web-246x246.png 246w, https:\/\/nns.cz\/predskolak\/wp-content\/uploads\/2021\/12\/ikona-slunce-leporelo_web-185x185.png 185w, https:\/\/nns.cz\/predskolak\/wp-content\/uploads\/2021\/12\/ikona-slunce-leporelo_web-220x220.png 220w, https:\/\/nns.cz\/predskolak\/wp-content\/uploads\/2021\/12\/ikona-slunce-leporelo_web-60x60.png 60w\" sizes=\"auto, (max-width: 50px) 100vw, 50px\" \/><\/figure><\/div>\n\n\n\n<p>Leporela s&nbsp;ovl\u00e1dac\u00edm panelem pro p\u0159ed\u0161kol\u00e1ky<\/p>\n\n\n\n<figure class=\"wp-block-image size-full\"><img loading=\"lazy\" decoding=\"async\" width=\"1920\" height=\"1040\" src=\"https:\/\/nns.cz\/predskolak\/wp-content\/uploads\/2022\/04\/Zapis_je_tu_7.png\" alt=\"\" class=\"wp-image-657\" srcset=\"https:\/\/nns.cz\/predskolak\/wp-content\/uploads\/2022\/04\/Zapis_je_tu_7.png 1920w, https:\/\/nns.cz\/predskolak\/wp-content\/uploads\/2022\/04\/Zapis_je_tu_7-300x163.png 300w, https:\/\/nns.cz\/predskolak\/wp-content\/uploads\/2022\/04\/Zapis_je_tu_7-1024x555.png 1024w, https:\/\/nns.cz\/predskolak\/wp-content\/uploads\/2022\/04\/Zapis_je_tu_7-768x416.png 768w, https:\/\/nns.cz\/predskolak\/wp-content\/uploads\/2022\/04\/Zapis_je_tu_7-1536x832.png 1536w\" sizes=\"auto, (max-width: 1920px) 100vw, 1920px\" \/><\/figure>\n\n\n\n<div class=\"wp-block-image\"><figure class=\"alignleft size-large is-resized\"><img loading=\"lazy\" decoding=\"async\" src=\"https:\/\/nns.cz\/predskolak\/wp-content\/uploads\/2021\/12\/ikona-housenka_cb-1024x1018.png\" alt=\"\" class=\"wp-image-449\" width=\"50\" height=\"50\" srcset=\"https:\/\/nns.cz\/predskolak\/wp-content\/uploads\/2021\/12\/ikona-housenka_cb-1024x1018.png 1024w, https:\/\/nns.cz\/predskolak\/wp-content\/uploads\/2021\/12\/ikona-housenka_cb-300x298.png 300w, https:\/\/nns.cz\/predskolak\/wp-content\/uploads\/2021\/12\/ikona-housenka_cb-150x150.png 150w, https:\/\/nns.cz\/predskolak\/wp-content\/uploads\/2021\/12\/ikona-housenka_cb-768x763.png 768w, https:\/\/nns.cz\/predskolak\/wp-content\/uploads\/2021\/12\/ikona-housenka_cb-246x246.png 246w, https:\/\/nns.cz\/predskolak\/wp-content\/uploads\/2021\/12\/ikona-housenka_cb-520x520.png 520w, https:\/\/nns.cz\/predskolak\/wp-content\/uploads\/2021\/12\/ikona-housenka_cb-185x185.png 185w, https:\/\/nns.cz\/predskolak\/wp-content\/uploads\/2021\/12\/ikona-housenka_cb-220x220.png 220w, https:\/\/nns.cz\/predskolak\/wp-content\/uploads\/2021\/12\/ikona-housenka_cb-60x60.png 60w, https:\/\/nns.cz\/predskolak\/wp-content\/uploads\/2021\/12\/ikona-housenka_cb-384x384.png 384w, https:\/\/nns.cz\/predskolak\/wp-content\/uploads\/2021\/12\/ikona-housenka_cb.png 1352w\" sizes=\"auto, (max-width: 50px) 100vw, 50px\" \/><\/figure><\/div>\n\n\n\n<p>Logick\u00e9 \u0159ady s&nbsp;ovl\u00e1dac\u00edm panelem pro p\u0159ed\u0161kol\u00e1ky<\/p>\n\n\n\n<figure class=\"wp-block-image size-full\"><img loading=\"lazy\" decoding=\"async\" width=\"1920\" height=\"1040\" src=\"https:\/\/nns.cz\/predskolak\/wp-content\/uploads\/2022\/04\/Zapis_je_tu_8.png\" alt=\"\" class=\"wp-image-658\" srcset=\"https:\/\/nns.cz\/predskolak\/wp-content\/uploads\/2022\/04\/Zapis_je_tu_8.png 1920w, https:\/\/nns.cz\/predskolak\/wp-content\/uploads\/2022\/04\/Zapis_je_tu_8-300x163.png 300w, https:\/\/nns.cz\/predskolak\/wp-content\/uploads\/2022\/04\/Zapis_je_tu_8-1024x555.png 1024w, https:\/\/nns.cz\/predskolak\/wp-content\/uploads\/2022\/04\/Zapis_je_tu_8-768x416.png 768w, https:\/\/nns.cz\/predskolak\/wp-content\/uploads\/2022\/04\/Zapis_je_tu_8-1536x832.png 1536w\" sizes=\"auto, (max-width: 1920px) 100vw, 1920px\" \/><\/figure>\n","protected":false},"excerpt":{"rendered":"<p>MIU\u010d+ Z\u00c1PIS JE TU vych\u00e1z\u00ed nyn\u00ed v&nbsp;NOV\u00c9 podob\u011b! S&nbsp;obr\u00e1zkov\u00fdm ovl\u00e1dac\u00edm panelem pro nejmen\u0161\u00ed. Ovl\u00e1dac\u00ed panel se nach\u00e1z\u00ed dole, kde je d\u011btem nejl\u00e9pe p\u0159\u00edstupn\u00fd. Po v\u00fdb\u011bru cvi\u010den\u00ed na hlavn\u00ed str\u00e1nce si d\u011bti postupn\u011b spou\u0161t\u00ed jednotliv\u00e9 reproduktory na ovl\u00e1dac\u00edm panelu. Audio instrukce vedou d\u011bti krok za krokem ke spln\u011bn\u00ed \u00fakolu. \u0158\u00edkanky v&nbsp;NOV\u00c9 podob\u011b s&nbsp;ovl\u00e1dac\u00edm panelem pro [&hellip;]<\/p>\n","protected":false},"author":3,"featured_media":0,"comment_status":"open","ping_status":"open","sticky":false,"template":"","format":"standard","meta":{"footnotes":""},"categories":[1],"tags":[],"class_list":["post-619","post","type-post","status-publish","format-standard","hentry","category-nezarazene","latest_post"],"_links":{"self":[{"href":"https:\/\/nns.cz\/predskolak\/wp-json\/wp\/v2\/posts\/619","targetHints":{"allow":["GET"]}}],"collection":[{"href":"https:\/\/nns.cz\/predskolak\/wp-json\/wp\/v2\/posts"}],"about":[{"href":"https:\/\/nns.cz\/predskolak\/wp-json\/wp\/v2\/types\/post"}],"author":[{"embeddable":true,"href":"https:\/\/nns.cz\/predskolak\/wp-json\/wp\/v2\/users\/3"}],"replies":[{"embeddable":true,"href":"https:\/\/nns.cz\/predskolak\/wp-json\/wp\/v2\/comments?post=619"}],"version-history":[{"count":6,"href":"https:\/\/nns.cz\/predskolak\/wp-json\/wp\/v2\/posts\/619\/revisions"}],"predecessor-version":[{"id":687,"href":"https:\/\/nns.cz\/predskolak\/wp-json\/wp\/v2\/posts\/619\/revisions\/687"}],"wp:attachment":[{"href":"https:\/\/nns.cz\/predskolak\/wp-json\/wp\/v2\/media?parent=619"}],"wp:term":[{"taxonomy":"category","embeddable":true,"href":"https:\/\/nns.cz\/predskolak\/wp-json\/wp\/v2\/categories?post=619"},{"taxonomy":"post_tag","embeddable":true,"href":"https:\/\/nns.cz\/predskolak\/wp-json\/wp\/v2\/tags?post=619"}],"curies":[{"name":"wp","href":"https:\/\/api.w.org\/{rel}","templated":true}]}}