{"id":396,"date":"2021-04-08T12:00:41","date_gmt":"2021-04-08T10:00:41","guid":{"rendered":"https:\/\/nns.cz\/predskolak\/?p=396"},"modified":"2021-04-08T12:00:41","modified_gmt":"2021-04-08T10:00:41","slug":"miuc-zapis-je-tu-k-uzivani-zdarma-do-31-5-2021","status":"publish","type":"post","link":"https:\/\/nns.cz\/predskolak\/miuc-zapis-je-tu-k-uzivani-zdarma-do-31-5-2021\/","title":{"rendered":"MIU\u010d+ Z\u00e1pis je tu k&nbsp;u\u017e\u00edv\u00e1n\u00ed ZDARMA do 31.&nbsp;5.&nbsp;2021"},"content":{"rendered":"\n<p>V leto\u0161n\u00edm roce jsme vydali prvn\u00ed z&nbsp;publikac\u00ed <strong><a href=\"https:\/\/nns.cz\/predskolak\/zapis-je-tu\/\">Z\u00e1pis je tu<\/a><\/strong>, kter\u00e1 se mezi vyu\u010duj\u00edc\u00edmi setkala s&nbsp;velmi p\u0159\u00edzniv\u00fdm ohlasem.<\/p>\n\n\n\n<p>Ke ka\u017ed\u00e9 pracovn\u00ed u\u010debnici soub\u011b\u017en\u011b vznik\u00e1 jej\u00ed interaktivn\u00ed podoba. A proto\u017ee jsme se rozhodli vyhov\u011bt Va\u0161im p\u0159\u00e1n\u00edm, aby mohla b\u00fdt <strong>MIU\u010d<\/strong>+ <strong><em>Z\u00e1pis je tu<\/em><\/strong> pou\u017e\u00edv\u00e1na jak mate\u0159sk\u00fdmi \u0161kolami, tak p\u0159ed\u0161kol\u00e1ky doma a\u017e do term\u00ednu z\u00e1pisu do 1.&nbsp;t\u0159\u00edd, m\u016f\u017eete ji <strong><a rel=\"noreferrer noopener\" href=\"https:\/\/www.mediacreator.cz\/mc\/index.php?opentitle=Zapis_je_tu\/Zapis_je_tu.mc\" target=\"_blank\">ZDARMA vyu\u017e\u00edvat<\/a><\/strong> do konce kv\u011btna 2021.<\/p>\n\n\n\n<div class=\"wp-block-image\"><figure class=\"aligncenter size-large\"><a href=\"https:\/\/www.mediacreator.cz\/mc\/index.php?opentitle=Zapis_je_tu\/Zapis_je_tu.mc\" target=\"_blank\" rel=\"noopener noreferrer\"><img loading=\"lazy\" decoding=\"async\" width=\"1024\" height=\"483\" src=\"https:\/\/nns.cz\/predskolak\/wp-content\/uploads\/2020\/11\/miu\u010d-print-1-1024x483.jpg\" alt=\"\" class=\"wp-image-283\" srcset=\"https:\/\/nns.cz\/predskolak\/wp-content\/uploads\/2020\/11\/miu\u010d-print-1-1024x483.jpg 1024w, https:\/\/nns.cz\/predskolak\/wp-content\/uploads\/2020\/11\/miu\u010d-print-1-300x141.jpg 300w, https:\/\/nns.cz\/predskolak\/wp-content\/uploads\/2020\/11\/miu\u010d-print-1-768x362.jpg 768w, https:\/\/nns.cz\/predskolak\/wp-content\/uploads\/2020\/11\/miu\u010d-print-1-1536x724.jpg 1536w, https:\/\/nns.cz\/predskolak\/wp-content\/uploads\/2020\/11\/miu\u010d-print-1.jpg 1920w\" sizes=\"auto, (max-width: 1024px) 100vw, 1024px\" \/><\/a><\/figure><\/div>\n","protected":false},"excerpt":{"rendered":"<p>V leto\u0161n\u00edm roce jsme vydali prvn\u00ed z&nbsp;publikac\u00ed Z\u00e1pis je tu, kter\u00e1 se mezi vyu\u010duj\u00edc\u00edmi setkala s&nbsp;velmi p\u0159\u00edzniv\u00fdm ohlasem. Ke ka\u017ed\u00e9 pracovn\u00ed u\u010debnici soub\u011b\u017en\u011b vznik\u00e1 jej\u00ed interaktivn\u00ed podoba. A proto\u017ee jsme se rozhodli vyhov\u011bt Va\u0161im p\u0159\u00e1n\u00edm, aby mohla b\u00fdt MIU\u010d+ Z\u00e1pis je tu pou\u017e\u00edv\u00e1na jak mate\u0159sk\u00fdmi \u0161kolami, tak p\u0159ed\u0161kol\u00e1ky doma a\u017e do term\u00ednu z\u00e1pisu do 1.&nbsp;t\u0159\u00edd, [&hellip;]<\/p>\n","protected":false},"author":3,"featured_media":0,"comment_status":"open","ping_status":"open","sticky":false,"template":"","format":"standard","meta":{"footnotes":""},"categories":[1],"tags":[],"class_list":["post-396","post","type-post","status-publish","format-standard","hentry","category-nezarazene","latest_post"],"_links":{"self":[{"href":"https:\/\/nns.cz\/predskolak\/wp-json\/wp\/v2\/posts\/396","targetHints":{"allow":["GET"]}}],"collection":[{"href":"https:\/\/nns.cz\/predskolak\/wp-json\/wp\/v2\/posts"}],"about":[{"href":"https:\/\/nns.cz\/predskolak\/wp-json\/wp\/v2\/types\/post"}],"author":[{"embeddable":true,"href":"https:\/\/nns.cz\/predskolak\/wp-json\/wp\/v2\/users\/3"}],"replies":[{"embeddable":true,"href":"https:\/\/nns.cz\/predskolak\/wp-json\/wp\/v2\/comments?post=396"}],"version-history":[{"count":1,"href":"https:\/\/nns.cz\/predskolak\/wp-json\/wp\/v2\/posts\/396\/revisions"}],"predecessor-version":[{"id":397,"href":"https:\/\/nns.cz\/predskolak\/wp-json\/wp\/v2\/posts\/396\/revisions\/397"}],"wp:attachment":[{"href":"https:\/\/nns.cz\/predskolak\/wp-json\/wp\/v2\/media?parent=396"}],"wp:term":[{"taxonomy":"category","embeddable":true,"href":"https:\/\/nns.cz\/predskolak\/wp-json\/wp\/v2\/categories?post=396"},{"taxonomy":"post_tag","embeddable":true,"href":"https:\/\/nns.cz\/predskolak\/wp-json\/wp\/v2\/tags?post=396"}],"curies":[{"name":"wp","href":"https:\/\/api.w.org\/{rel}","templated":true}]}}